{"id":13001,"date":"2021-01-08T08:00:46","date_gmt":"2021-01-08T08:00:46","guid":{"rendered":"https:\/\/nueva.worldlight.es\/worldlight-participa-en-face-to-face-con-la-arquitectura-de-mallorca\/"},"modified":"2021-01-08T08:00:46","modified_gmt":"2021-01-08T08:00:46","slug":"worldlight-participa-en-face-to-face-con-la-arquitectura-de-mallorca","status":"publish","type":"post","link":"https:\/\/worldlight.es\/en\/worldlight-participa-en-face-to-face-con-la-arquitectura-de-mallorca\/","title":{"rendered":"Worldlight participa en  Face to Face con la arquitectura de Mallorca"},"content":{"rendered":"\n<p>El pasado 2 de Octubre en la tradicional y emblem\u00e1tica&nbsp;<em><strong>Finca Biniatzar<\/strong>&nbsp;<\/em>ubicada cerca de Bunyola en Mallorca celebramos el encuentro&nbsp;<strong>Face to Face con la arquitectura<\/strong>&nbsp;rodeados de un entorno natural excepcional y una arquitectura tradicional de piedra local y l\u00edneas rurales. El encuentro congreg\u00f3 a los mejores arquitectos de la zona y dio la oportunidad de un interesante debate junto al ponente invitado, el arquitecto&nbsp;<em><strong>Carles Oliver<\/strong><\/em>.<\/p>\n\n\n\n<figure class=\"wp-block-image size-large\"><img decoding=\"async\" src=\"data:image\/gif;base64,R0lGODlhAQABAAAAACH5BAEKAAEALAAAAAABAAEAAAICTAEAOw==\" data-orig-src=\"https:\/\/worldlight.es\/wp-content\/uploads\/2020\/12\/facetoface-1.jpg\" alt=\"\" class=\"lazyload wp-image-731\"\/><\/figure>\n\n\n\n<p>Face to face BCN tiene como objetivo crear oportunidades de relaci\u00f3n reuniendo a los mejores profesionales de la arquitectura&nbsp;y el interiorismo. En esta ocasi\u00f3n los organizadores nos propusieron participar como parte fundamental de la decoraci\u00f3n y soluciones de iluminaci\u00f3n en los distintos ambientes.<\/p>\n\n\n\n<p>Bernat Blanes, CEO de Worldlight&nbsp;Estudio tuvo la oportunidad de intercambiar puntos de vista sobre la importancia de la luz en la arquitectura. Un elemento que cada vez se hace m\u00e1s imprescindible en los proyectos constructivos con independencia de su envergadura.<\/p>\n\n\n\n<p>Si tu tambi\u00e9n quieres hablar de las claves de la iluminaci\u00f3n, ponte en contacto con nosotros, nuestros lighting designers estar\u00e1n encantados de trabajar junto a ti.<\/p>\n\n\n\n<figure class=\"wp-block-image size-large\"><img decoding=\"async\" src=\"data:image\/gif;base64,R0lGODlhAQABAAAAACH5BAEKAAEALAAAAAABAAEAAAICTAEAOw==\" data-orig-src=\"https:\/\/worldlight.es\/wp-content\/uploads\/2020\/12\/facetoface2-1.jpg\" alt=\"\" class=\"lazyload wp-image-732\"\/><\/figure>\n","protected":false},"excerpt":{"rendered":"<p>El pasado 2 de Octubre en la tradicional y emblem\u00e1tica&nbsp;Finca  [&#8230;]<\/p>\n","protected":false},"author":1,"featured_media":6449,"comment_status":"open","ping_status":"open","sticky":false,"template":"","format":"standard","meta":{"_acf_changed":false,"footnotes":""},"categories":[68,247],"tags":[],"class_list":["post-13001","post","type-post","status-publish","format-standard","has-post-thumbnail","hentry","category-eventos-en","category-noticias-en"],"acf":[],"yoast_head":"<!-- This site is optimized with the Yoast SEO plugin v25.6 - https:\/\/yoast.com\/wordpress\/plugins\/seo\/ -->\n<title>Worldlight participa en Face to Face con la arquitectura de Mallorca - Worldlight<\/title>\n<meta name=\"robots\" content=\"index, follow, max-snippet:-1, max-image-preview:large, max-video-preview:-1\" \/>\n<link rel=\"canonical\" href=\"https:\/\/worldlight.es\/en\/worldlight-participa-en-face-to-face-con-la-arquitectura-de-mallorca\/\" \/>\n<meta property=\"og:locale\" content=\"en_US\" \/>\n<meta property=\"og:type\" content=\"article\" \/>\n<meta property=\"og:title\" content=\"Worldlight participa en Face to Face con la arquitectura de Mallorca - Worldlight\" \/>\n<meta property=\"og:description\" content=\"El pasado 2 de Octubre en la tradicional y emblem\u00e1tica&nbsp;Finca [...]\" \/>\n<meta property=\"og:url\" content=\"https:\/\/worldlight.es\/en\/worldlight-participa-en-face-to-face-con-la-arquitectura-de-mallorca\/\" \/>\n<meta property=\"og:site_name\" content=\"Worldlight\" \/>\n<meta property=\"article:published_time\" content=\"2021-01-08T08:00:46+00:00\" \/>\n<meta name=\"author\" content=\"soporte@zonadeweb.com\" \/>\n<meta name=\"twitter:card\" content=\"summary_large_image\" \/>\n<meta name=\"twitter:label1\" content=\"Written by\" \/>\n\t<meta name=\"twitter:data1\" content=\"soporte@zonadeweb.com\" \/>\n\t<meta name=\"twitter:label2\" content=\"Est. reading time\" \/>\n\t<meta name=\"twitter:data2\" content=\"1 minute\" \/>\n<script type=\"application\/ld+json\" class=\"yoast-schema-graph\">{\"@context\":\"https:\/\/schema.org\",\"@graph\":[{\"@type\":\"WebPage\",\"@id\":\"https:\/\/worldlight.es\/en\/worldlight-participa-en-face-to-face-con-la-arquitectura-de-mallorca\/\",\"url\":\"https:\/\/worldlight.es\/en\/worldlight-participa-en-face-to-face-con-la-arquitectura-de-mallorca\/\",\"name\":\"Worldlight participa en Face to Face con la arquitectura de Mallorca - Worldlight\",\"isPartOf\":{\"@id\":\"https:\/\/worldlight.es\/#website\"},\"primaryImageOfPage\":{\"@id\":\"https:\/\/worldlight.es\/en\/worldlight-participa-en-face-to-face-con-la-arquitectura-de-mallorca\/#primaryimage\"},\"image\":{\"@id\":\"https:\/\/worldlight.es\/en\/worldlight-participa-en-face-to-face-con-la-arquitectura-de-mallorca\/#primaryimage\"},\"thumbnailUrl\":\"https:\/\/worldlight.es\/wp-content\/uploads\/2025\/10\/facetoface1-1.jpg\",\"datePublished\":\"2021-01-08T08:00:46+00:00\",\"author\":{\"@id\":\"https:\/\/worldlight.es\/#\/schema\/person\/bc84d18d95c525df0c2f17de301988ec\"},\"breadcrumb\":{\"@id\":\"https:\/\/worldlight.es\/en\/worldlight-participa-en-face-to-face-con-la-arquitectura-de-mallorca\/#breadcrumb\"},\"inLanguage\":\"en-US\",\"potentialAction\":[{\"@type\":\"ReadAction\",\"target\":[\"https:\/\/worldlight.es\/en\/worldlight-participa-en-face-to-face-con-la-arquitectura-de-mallorca\/\"]}]},{\"@type\":\"ImageObject\",\"inLanguage\":\"en-US\",\"@id\":\"https:\/\/worldlight.es\/en\/worldlight-participa-en-face-to-face-con-la-arquitectura-de-mallorca\/#primaryimage\",\"url\":\"https:\/\/worldlight.es\/wp-content\/uploads\/2025\/10\/facetoface1-1.jpg\",\"contentUrl\":\"https:\/\/worldlight.es\/wp-content\/uploads\/2025\/10\/facetoface1-1.jpg\",\"width\":960,\"height\":542},{\"@type\":\"BreadcrumbList\",\"@id\":\"https:\/\/worldlight.es\/en\/worldlight-participa-en-face-to-face-con-la-arquitectura-de-mallorca\/#breadcrumb\",\"itemListElement\":[{\"@type\":\"ListItem\",\"position\":1,\"name\":\"Portada\",\"item\":\"https:\/\/worldlight.es\/\"},{\"@type\":\"ListItem\",\"position\":2,\"name\":\"Worldlight participa en Face to Face con la arquitectura de Mallorca\"}]},{\"@type\":\"WebSite\",\"@id\":\"https:\/\/worldlight.es\/#website\",\"url\":\"https:\/\/worldlight.es\/\",\"name\":\"Worldlight\",\"description\":\"\",\"potentialAction\":[{\"@type\":\"SearchAction\",\"target\":{\"@type\":\"EntryPoint\",\"urlTemplate\":\"https:\/\/worldlight.es\/?s={search_term_string}\"},\"query-input\":{\"@type\":\"PropertyValueSpecification\",\"valueRequired\":true,\"valueName\":\"search_term_string\"}}],\"inLanguage\":\"en-US\"},{\"@type\":\"Person\",\"@id\":\"https:\/\/worldlight.es\/#\/schema\/person\/bc84d18d95c525df0c2f17de301988ec\",\"name\":\"soporte@zonadeweb.com\",\"image\":{\"@type\":\"ImageObject\",\"inLanguage\":\"en-US\",\"@id\":\"https:\/\/worldlight.es\/#\/schema\/person\/image\/\",\"url\":\"https:\/\/secure.gravatar.com\/avatar\/ea1768da7a0d1fba0a75643821e1fac836f59367194ca1342556b3bee713b10c?s=96&d=mm&r=g\",\"contentUrl\":\"https:\/\/secure.gravatar.com\/avatar\/ea1768da7a0d1fba0a75643821e1fac836f59367194ca1342556b3bee713b10c?s=96&d=mm&r=g\",\"caption\":\"soporte@zonadeweb.com\"},\"sameAs\":[\"http:\/\/worldlight.es\"],\"url\":\"https:\/\/worldlight.es\/en\/author\/soportezonadeweb-com\/\"}]}<\/script>\n<!-- \/ Yoast SEO plugin. -->","yoast_head_json":{"title":"Worldlight participa en Face to Face con la arquitectura de Mallorca - Worldlight","robots":{"index":"index","follow":"follow","max-snippet":"max-snippet:-1","max-image-preview":"max-image-preview:large","max-video-preview":"max-video-preview:-1"},"canonical":"https:\/\/worldlight.es\/en\/worldlight-participa-en-face-to-face-con-la-arquitectura-de-mallorca\/","og_locale":"en_US","og_type":"article","og_title":"Worldlight participa en Face to Face con la arquitectura de Mallorca - Worldlight","og_description":"El pasado 2 de Octubre en la tradicional y emblem\u00e1tica&nbsp;Finca [...]","og_url":"https:\/\/worldlight.es\/en\/worldlight-participa-en-face-to-face-con-la-arquitectura-de-mallorca\/","og_site_name":"Worldlight","article_published_time":"2021-01-08T08:00:46+00:00","author":"soporte@zonadeweb.com","twitter_card":"summary_large_image","twitter_misc":{"Written by":"soporte@zonadeweb.com","Est. reading time":"1 minute"},"schema":{"@context":"https:\/\/schema.org","@graph":[{"@type":"WebPage","@id":"https:\/\/worldlight.es\/en\/worldlight-participa-en-face-to-face-con-la-arquitectura-de-mallorca\/","url":"https:\/\/worldlight.es\/en\/worldlight-participa-en-face-to-face-con-la-arquitectura-de-mallorca\/","name":"Worldlight participa en Face to Face con la arquitectura de Mallorca - Worldlight","isPartOf":{"@id":"https:\/\/worldlight.es\/#website"},"primaryImageOfPage":{"@id":"https:\/\/worldlight.es\/en\/worldlight-participa-en-face-to-face-con-la-arquitectura-de-mallorca\/#primaryimage"},"image":{"@id":"https:\/\/worldlight.es\/en\/worldlight-participa-en-face-to-face-con-la-arquitectura-de-mallorca\/#primaryimage"},"thumbnailUrl":"https:\/\/worldlight.es\/wp-content\/uploads\/2025\/10\/facetoface1-1.jpg","datePublished":"2021-01-08T08:00:46+00:00","author":{"@id":"https:\/\/worldlight.es\/#\/schema\/person\/bc84d18d95c525df0c2f17de301988ec"},"breadcrumb":{"@id":"https:\/\/worldlight.es\/en\/worldlight-participa-en-face-to-face-con-la-arquitectura-de-mallorca\/#breadcrumb"},"inLanguage":"en-US","potentialAction":[{"@type":"ReadAction","target":["https:\/\/worldlight.es\/en\/worldlight-participa-en-face-to-face-con-la-arquitectura-de-mallorca\/"]}]},{"@type":"ImageObject","inLanguage":"en-US","@id":"https:\/\/worldlight.es\/en\/worldlight-participa-en-face-to-face-con-la-arquitectura-de-mallorca\/#primaryimage","url":"https:\/\/worldlight.es\/wp-content\/uploads\/2025\/10\/facetoface1-1.jpg","contentUrl":"https:\/\/worldlight.es\/wp-content\/uploads\/2025\/10\/facetoface1-1.jpg","width":960,"height":542},{"@type":"BreadcrumbList","@id":"https:\/\/worldlight.es\/en\/worldlight-participa-en-face-to-face-con-la-arquitectura-de-mallorca\/#breadcrumb","itemListElement":[{"@type":"ListItem","position":1,"name":"Portada","item":"https:\/\/worldlight.es\/"},{"@type":"ListItem","position":2,"name":"Worldlight participa en Face to Face con la arquitectura de Mallorca"}]},{"@type":"WebSite","@id":"https:\/\/worldlight.es\/#website","url":"https:\/\/worldlight.es\/","name":"Worldlight","description":"","potentialAction":[{"@type":"SearchAction","target":{"@type":"EntryPoint","urlTemplate":"https:\/\/worldlight.es\/?s={search_term_string}"},"query-input":{"@type":"PropertyValueSpecification","valueRequired":true,"valueName":"search_term_string"}}],"inLanguage":"en-US"},{"@type":"Person","@id":"https:\/\/worldlight.es\/#\/schema\/person\/bc84d18d95c525df0c2f17de301988ec","name":"soporte@zonadeweb.com","image":{"@type":"ImageObject","inLanguage":"en-US","@id":"https:\/\/worldlight.es\/#\/schema\/person\/image\/","url":"https:\/\/secure.gravatar.com\/avatar\/ea1768da7a0d1fba0a75643821e1fac836f59367194ca1342556b3bee713b10c?s=96&d=mm&r=g","contentUrl":"https:\/\/secure.gravatar.com\/avatar\/ea1768da7a0d1fba0a75643821e1fac836f59367194ca1342556b3bee713b10c?s=96&d=mm&r=g","caption":"soporte@zonadeweb.com"},"sameAs":["http:\/\/worldlight.es"],"url":"https:\/\/worldlight.es\/en\/author\/soportezonadeweb-com\/"}]}},"_links":{"self":[{"href":"https:\/\/worldlight.es\/en\/wp-json\/wp\/v2\/posts\/13001","targetHints":{"allow":["GET"]}}],"collection":[{"href":"https:\/\/worldlight.es\/en\/wp-json\/wp\/v2\/posts"}],"about":[{"href":"https:\/\/worldlight.es\/en\/wp-json\/wp\/v2\/types\/post"}],"author":[{"embeddable":true,"href":"https:\/\/worldlight.es\/en\/wp-json\/wp\/v2\/users\/1"}],"replies":[{"embeddable":true,"href":"https:\/\/worldlight.es\/en\/wp-json\/wp\/v2\/comments?post=13001"}],"version-history":[{"count":0,"href":"https:\/\/worldlight.es\/en\/wp-json\/wp\/v2\/posts\/13001\/revisions"}],"wp:featuredmedia":[{"embeddable":true,"href":"https:\/\/worldlight.es\/en\/wp-json\/wp\/v2\/media\/6449"}],"wp:attachment":[{"href":"https:\/\/worldlight.es\/en\/wp-json\/wp\/v2\/media?parent=13001"}],"wp:term":[{"taxonomy":"category","embeddable":true,"href":"https:\/\/worldlight.es\/en\/wp-json\/wp\/v2\/categories?post=13001"},{"taxonomy":"post_tag","embeddable":true,"href":"https:\/\/worldlight.es\/en\/wp-json\/wp\/v2\/tags?post=13001"}],"curies":[{"name":"wp","href":"https:\/\/api.w.org\/{rel}","templated":true}]}}